{"id":556,"date":"2016-12-04T10:45:40","date_gmt":"2016-12-04T09:45:40","guid":{"rendered":"http:\/\/www.bakinakuharica.com\/blog\/?p=556"},"modified":"2017-01-30T20:54:26","modified_gmt":"2017-01-30T19:54:26","slug":"bozicna-prica-iz-bakine-kuhinje","status":"publish","type":"post","link":"https:\/\/www.bakinakuharica.com\/blog\/price-iz-bakine-kuhinje\/bozicna-prica-iz-bakine-kuhinje\/","title":{"rendered":"Bo\u017ei\u0107na pri\u010da iz bakine kuhinje"},"content":{"rendered":"<div id=\"attachment_562\" style=\"width: 235px\" class=\"wp-caption alignleft\"><a href=\"https:\/\/www.bakinakuharica.com\/blog\/wp-content\/uploads\/2014\/11\/P1150004VanilKrancliBKE.jpg\" target=\"_blank\"><img aria-describedby=\"caption-attachment-562\" decoding=\"async\" loading=\"lazy\" class=\"wp-image-562 size-medium\" src=\"https:\/\/www.bakinakuharica.com\/blog\/wp-content\/uploads\/2014\/11\/P1150004VanilKrancliBKE-225x300.jpg\" alt=\"Vanil krancli\" width=\"225\" height=\"300\" srcset=\"https:\/\/www.bakinakuharica.com\/blog\/wp-content\/uploads\/2014\/11\/P1150004VanilKrancliBKE-225x300.jpg 225w, https:\/\/www.bakinakuharica.com\/blog\/wp-content\/uploads\/2014\/11\/P1150004VanilKrancliBKE.jpg 600w\" sizes=\"(max-width: 225px) 100vw, 225px\" \/><\/a><p id=\"caption-attachment-562\" class=\"wp-caption-text\">Vanil krancli<\/p><\/div>\n<p>U mojim je sje\u0107anjima <a href=\"https:\/\/www.blagdanskijelovnici.com.hr\/Bozic.htm\" target=\"_blank\">Bo\u017ei\u0107<\/a> uvijek obavijen mirisom vanili kiflica, cimeta i \u010dokolade.<br \/>\nKuhinja puna rajngli, protvanja, bra\u0161na, \u0161e\u0107era, mirisa slanih i slatkih koji su privla\u010dili cijelu moju familiju iz snijegom obavijenog dvori\u0161ta u bakinu kuhinju gdje je ona svojom kuha\u010dom vodila glavnu rije\u010d.<br \/>\n<a href=\"https:\/\/www.blagdanskijelovnici.com.hr\/Bozic.htm\" target=\"_blank\">Bo\u017ei\u0107 <\/a>se uvijek tradicionalno slavio kod moje bake, pa \u010dak i onda kad to nije bilo po\u017eeljno, vodila me baka na polno\u0107ku i kitili smo bor malim srebrnim kuglicama i vatom koja je simbolizirala snijeg.<!--more--><br \/>\nBo\u017ei\u0107ne pripreme je zapo\u010dinjao zapravo moj djed, koji je imao zadatak izabrati odojka, malog, ni premasnog, ni premr\u0161avog, tako da, kad se spe\u010de bude slastan, hrskav, crvenkasto-sme\u0111e korice.<\/p>\n<p>Nekada se taj odoj\u010di\u0107 vrtio doma na improviziranom ra\u017enju, a djed je, zajedno s mojim tatom, marljivo vrtio i podmazivao prase sve dok ono ne bi bilo savr\u0161eno ispe\u010deno. Ipak, kasnije je djed, da si skrati muke zbog bakinog nadgledanja, odlu\u010dio nositi odojka u pekaru da ga speku u kru\u0161noj pe\u0107i.<br \/>\n<script src=\"\/\/pagead2.googlesyndication.com\/pagead\/js\/adsbygoogle.js\" async=\"\"><\/script><!-- BK_Blog_2015Responsive --> <ins class=\"adsbygoogle\" style=\"display: block;\" data-ad-client=\"ca-pub-7449141779691315\" data-ad-slot=\"8884151966\" data-ad-format=\"auto\"><\/ins><script>\/\/ <![CDATA[\n(adsbygoogle = window.adsbygoogle || []).push({});\n\/\/ ]]><\/script><br \/>\nZa to je vrijeme, baka odlu\u010divala, kada \u0107e se \u0161to po\u010deti pe\u0107i i kuhati.<\/p>\n<div id=\"attachment_563\" style=\"width: 310px\" class=\"wp-caption alignleft\"><a href=\"https:\/\/www.bakinakuharica.com\/blog\/wp-content\/uploads\/2014\/11\/MakaruniZajedno.jpg\" target=\"_blank\"><img aria-describedby=\"caption-attachment-563\" decoding=\"async\" loading=\"lazy\" class=\"wp-image-563 size-medium\" src=\"https:\/\/www.bakinakuharica.com\/blog\/wp-content\/uploads\/2014\/11\/MakaruniZajedno-300x225.jpg\" alt=\"makarun\" width=\"300\" height=\"225\" srcset=\"https:\/\/www.bakinakuharica.com\/blog\/wp-content\/uploads\/2014\/11\/MakaruniZajedno-300x225.jpg 300w, https:\/\/www.bakinakuharica.com\/blog\/wp-content\/uploads\/2014\/11\/MakaruniZajedno-624x468.jpg 624w, https:\/\/www.bakinakuharica.com\/blog\/wp-content\/uploads\/2014\/11\/MakaruniZajedno.jpg 800w\" sizes=\"(max-width: 300px) 100vw, 300px\" \/><\/a><p id=\"caption-attachment-563\" class=\"wp-caption-text\">makarun<\/p><\/div>\n<p>Tradicionalno se radio makaron \u2013 prst debela \u0161truca tvrdog kruha koji se specijalno poslu\u017eivao na na\u010din da se izre\u017ee na kockice, pofuri kipu\u0107om vodom i za\u010dini masno\u0107om od pe\u010denja odojka, uz odojka i ciklu ili francusku salatu.<br \/>\nNikada tijekom godine baka nije radila <a title=\"Francuska salata\" href=\"https:\/\/www.bakinakuharica.com\/Prilozi\/FrancuskaSalata.html\" target=\"_blank\">francusku salatu<\/a>, nego za Bo\u017ei\u0107, tako da smo svi jedva \u010dekali da ta zdjela \u0161arenog povr\u0107a u majonezi kona\u010dno do\u0111e na stol.<br \/>\nI danas me taj makaron, kada ga mama napravi, mirisom podsje\u0107a na bakinu kuhinju.<br \/>\nMirisalo je u njenoj kuhinji tijekom zime uvijek neko fino jelo ili napitak, a kada se nije ni\u0161ta kuhalo ili peklo, mirisalo je po suhoj bukovini, ili ponekad po borovini, jer bakin je \u0161tednjak bio zapravo starinska pe\u0107 na drva.<br \/>\nPosebnu je brigu baka posve\u0107ivala bo\u017ei\u0107nim kola\u010dima.<\/p>\n<div id=\"attachment_564\" style=\"width: 160px\" class=\"wp-caption alignleft\"><a href=\"https:\/\/www.bakinakuharica.com\/blog\/wp-content\/uploads\/2014\/11\/OrehnjacaSlider.jpg\" target=\"_blank\"><img aria-describedby=\"caption-attachment-564\" decoding=\"async\" loading=\"lazy\" class=\"wp-image-564 size-thumbnail\" src=\"https:\/\/www.bakinakuharica.com\/blog\/wp-content\/uploads\/2014\/11\/OrehnjacaSlider-150x150.jpg\" alt=\"orahnja\u010da\" width=\"150\" height=\"150\" \/><\/a><p id=\"caption-attachment-564\" class=\"wp-caption-text\">orahnja\u010da<\/p><\/div>\n<p>Uvijek, ali uvijek, ba\u0161 svakog<a href=\"https:\/\/www.blagdanskijelovnici.com.hr\/Bozic.htm\" target=\"_blank\"> Bo\u017ei\u0107a <\/a>pekla je baka orehnja\u010du i \u201e\u017darbo \u0161nite\u201c. Na \u017ealost, ni jedan ni drugi originalni recept nisu objavljeni na ovoj web stranici, iz jednostavnog razloga \u0161to su se izvjesni recepti izgubili iz knjige tijekom dugogodi\u0161njeg kori\u0161tenja.<br \/>\nIpak, baka je nepogre\u0161ivom to\u010dno\u0161\u0107u vagala sastojke za orehnja\u010du i mijesila ih u mekano, mirisno tijesto nadjeveno orasima i rumom. \u017darbo \u0161nite je baka radila kao kombinaciju kora pe\u010denih na laganoj vatri i nadjevenih orasima i pekmezom, pa onda prelivenih bogatom ocaklinom od \u010dokolade.<br \/>\nZatim su na red dolazile vanili kiflice, \u010dajni kola\u010di\u0107i, slatinski kola\u010di, londoner \u0161tangice, cijelo brdo malih, mirisavih, \u0161arenih kola\u010di\u0107a, koje sam i ja s bakom vrijedno mazala pekmezom ili umakala u \u010dokoladnu ocaklinu i potom lizala prste.<br \/>\nNe trebam niti spominjati da su i djed i tata i moj brat svako malo ulazili u kuhinju privu\u010deni tim fantsti\u010dnim mirisima bo\u017ei\u0107nih kola\u010da kako bi se umilili baki i dobili kakav okrajak za degustaciju.<\/p>\n<div id=\"attachment_565\" style=\"width: 170px\" class=\"wp-caption alignleft\"><a href=\"https:\/\/www.blagdanskijelovnici.com.hr\/Bozic.htm\" target=\"_blank\"><img aria-describedby=\"caption-attachment-565\" decoding=\"async\" loading=\"lazy\" class=\"size-full wp-image-565\" src=\"https:\/\/www.bakinakuharica.com\/blog\/wp-content\/uploads\/2014\/11\/BozicNovaGodinaJelarecepti_banner.png\" alt=\"Bo\u017ei\u0107, Nova godina\" width=\"160\" height=\"60\" \/><\/a><p id=\"caption-attachment-565\" class=\"wp-caption-text\">Bo\u017ei\u0107, Nova godina<\/p><\/div>\n<p>Svaki od tih kola\u010da spremao se u jednu hladnu sobu, u kojoj nije bilo grijanja, a kasnije, kada bi svi bili gotovi, i kada bi ih baka narezala i poslagala na velike okrugle tanjure, \u010desto sam znala ulaziti u tu sobu i diviti se bojama i oblicima bo\u017ei\u0107nih kola\u010da koji su proistekli iz njene kuhinje.<br \/>\nNa sam dan Bo\u017ei\u0107a, baka je sve imala spremno. Nikada zapravo nismo imali Bo\u017ei\u0107ni ru\u010dak, bilo je to uvijek ne\u0161to izme\u0111u ru\u010dka i ve\u010dere, u rani sumrak Bo\u017ei\u0107a, baka je, zajedno sa mojom mamom, a i mojom malenko\u0161\u0107u, s posebnom pa\u017enjom ure\u0111ivala blagdanski stol.<br \/>\nObavezno je na stolu stajala zdjela sa 4 adventske svije\u0107e napunjena sa \u017eitom &#8211; kukuruzom, p\u0161enicom, zobi &#8211; simboliziraju\u0107i plodnost i \u017eelju za boljitkom u slijede\u0107oj godini.<br \/>\n<script src=\"\/\/pagead2.googlesyndication.com\/pagead\/js\/adsbygoogle.js\" async=\"\"><\/script><!-- BK_Blog_2015Responsive --> <ins class=\"adsbygoogle\" style=\"display: block;\" data-ad-client=\"ca-pub-7449141779691315\" data-ad-slot=\"8884151966\" data-ad-format=\"auto\"><\/ins><script>\/\/ <![CDATA[\n(adsbygoogle = window.adsbygoogle || []).push({});\n\/\/ ]]><\/script><br \/>\nVe\u010dera je zapo\u010dinjala uvijek jednim, pomalo nepoznatim obi\u010dajem. Naime, baka je, poslije obavezne molitve koju bi obi\u010davao zapo\u010deti moj djed ili tata, poslu\u017eivala \u010de\u0161njak i med, govore\u0107i pri tome \u201eTko ne uzme \u010de\u0161njaka i meda, taj k vragu gleda!\u201c. Morali smo svi pojesti \u010de\u0161anj \u010de\u0161njaka i \u017elicu meda, kako bi nam Bo\u017ei\u0107, a i naredna godina bili \u017eivotno za\u010dinjeni, o\u0161tri, a opet slatki poput meda, i kako bismo bili za\u0161ti\u0107eni od svih bolesti.<br \/>\nPoslije toga su na stol stizale bakine delicije, koje je vrijedno pripremala \u2013 mirisna i krepka juha, pe\u010denje, doma\u0107e kobasice pe\u010dene ili kuhane, odojak, grah salata, toliko is\u010dekivana francuska salata, cikla, razni prilozi i dodaci, a na kraju i tanjur prekrasnih, prhkih i zamamnih kola\u010da.<\/p>\n<p>Ove godine \u0107u i ja nastaviti tradiciju, i za <a href=\"https:\/\/www.blagdanskijelovnici.com.hr\/Bozic.htm\" target=\"_blank\">Bo\u017ei\u0107<\/a> pripremiti <a href=\"https:\/\/www.bakinakuharica.com\/slastice\/Orahnjaca.html\" target=\"_blank\">orehnja\u010du<\/a> i cijelu hrpu malih kola\u010di\u0107a u spomen na moju baku.<\/p>\n<div id=\"attachment_561\" style=\"width: 160px\" class=\"wp-caption alignleft\"><a href=\"https:\/\/www.bakinakuharica.com\/blog\/wp-content\/uploads\/2014\/11\/londoneriFB.jpg\"><img aria-describedby=\"caption-attachment-561\" decoding=\"async\" loading=\"lazy\" class=\"size-thumbnail wp-image-561\" src=\"https:\/\/www.bakinakuharica.com\/blog\/wp-content\/uploads\/2014\/11\/londoneriFB-150x150.jpg\" alt=\"londoneri\" width=\"150\" height=\"150\" \/><\/a><p id=\"caption-attachment-561\" class=\"wp-caption-text\">londoneri<\/p><\/div>\n<div id=\"attachment_560\" style=\"width: 160px\" class=\"wp-caption alignleft\"><a href=\"https:\/\/www.bakinakuharica.com\/blog\/wp-content\/uploads\/2014\/11\/TanjurKolaca.jpg\"><img aria-describedby=\"caption-attachment-560\" decoding=\"async\" loading=\"lazy\" class=\"size-thumbnail wp-image-560\" src=\"https:\/\/www.bakinakuharica.com\/blog\/wp-content\/uploads\/2014\/11\/TanjurKolaca-150x150.jpg\" alt=\"Tanjur bo\u017ei\u0107nih kola\u010da\" width=\"150\" height=\"150\" \/><\/a><p id=\"caption-attachment-560\" class=\"wp-caption-text\">Tanjur bo\u017ei\u0107nih kola\u010da<\/p><\/div>\n<div id=\"attachment_559\" style=\"width: 160px\" class=\"wp-caption alignleft\"><a href=\"https:\/\/www.bakinakuharica.com\/blog\/wp-content\/uploads\/2014\/11\/kiflice.jpg\"><img aria-describedby=\"caption-attachment-559\" decoding=\"async\" loading=\"lazy\" class=\"size-thumbnail wp-image-559\" src=\"https:\/\/www.bakinakuharica.com\/blog\/wp-content\/uploads\/2014\/11\/kiflice-150x150.jpg\" alt=\"kiflice\" width=\"150\" height=\"150\" \/><\/a><p id=\"caption-attachment-559\" class=\"wp-caption-text\">kiflice<\/p><\/div>\n<p>&nbsp;<\/p>\n<div id=\"attachment_579\" style=\"width: 796px\" class=\"wp-caption alignleft\"><a href=\"https:\/\/www.blagdanskijelovnici.com.hr\/Bozic.htm\" target=\"_blank\"><img aria-describedby=\"caption-attachment-579\" decoding=\"async\" loading=\"lazy\" class=\"wp-image-579 size-full\" src=\"https:\/\/www.bakinakuharica.com\/blog\/wp-content\/uploads\/2014\/11\/BozicNovaGodina.jpg\" alt=\"Bozic i NovaGodina\" width=\"786\" height=\"235\" srcset=\"https:\/\/www.bakinakuharica.com\/blog\/wp-content\/uploads\/2014\/11\/BozicNovaGodina.jpg 786w, https:\/\/www.bakinakuharica.com\/blog\/wp-content\/uploads\/2014\/11\/BozicNovaGodina-300x89.jpg 300w, https:\/\/www.bakinakuharica.com\/blog\/wp-content\/uploads\/2014\/11\/BozicNovaGodina-624x186.jpg 624w\" sizes=\"(max-width: 786px) 100vw, 786px\" \/><\/a><p id=\"caption-attachment-579\" class=\"wp-caption-text\">Bozic i NovaGodina<\/p><\/div>\n","protected":false},"excerpt":{"rendered":"<p>U mojim je sje\u0107anjima Bo\u017ei\u0107 uvijek obavijen mirisom vanili kiflica, cimeta i \u010dokolade. Kuhinja puna rajngli, protvanja, bra\u0161na, \u0161e\u0107era, mirisa slanih i slatkih koji su privla\u010dili cijelu moju familiju iz snijegom obavijenog dvori\u0161ta u bakinu kuhinju gdje je ona svojom kuha\u010dom vodila glavnu rije\u010d. Bo\u017ei\u0107 se uvijek tradicionalno slavio kod moje bake, pa \u010dak i&#8230;<\/p>\n","protected":false},"author":1,"featured_media":0,"comment_status":"closed","ping_status":"closed","sticky":false,"template":"","format":"standard","meta":[],"categories":[13,146],"tags":[160,116,154,71,157,161,134,156,153,158,159,155],"_links":{"self":[{"href":"https:\/\/www.bakinakuharica.com\/blog\/wp-json\/wp\/v2\/posts\/556"}],"collection":[{"href":"https:\/\/www.bakinakuharica.com\/blog\/wp-json\/wp\/v2\/posts"}],"about":[{"href":"https:\/\/www.bakinakuharica.com\/blog\/wp-json\/wp\/v2\/types\/post"}],"author":[{"embeddable":true,"href":"https:\/\/www.bakinakuharica.com\/blog\/wp-json\/wp\/v2\/users\/1"}],"replies":[{"embeddable":true,"href":"https:\/\/www.bakinakuharica.com\/blog\/wp-json\/wp\/v2\/comments?post=556"}],"version-history":[{"count":18,"href":"https:\/\/www.bakinakuharica.com\/blog\/wp-json\/wp\/v2\/posts\/556\/revisions"}],"predecessor-version":[{"id":1263,"href":"https:\/\/www.bakinakuharica.com\/blog\/wp-json\/wp\/v2\/posts\/556\/revisions\/1263"}],"wp:attachment":[{"href":"https:\/\/www.bakinakuharica.com\/blog\/wp-json\/wp\/v2\/media?parent=556"}],"wp:term":[{"taxonomy":"category","embeddable":true,"href":"https:\/\/www.bakinakuharica.com\/blog\/wp-json\/wp\/v2\/categories?post=556"},{"taxonomy":"post_tag","embeddable":true,"href":"https:\/\/www.bakinakuharica.com\/blog\/wp-json\/wp\/v2\/tags?post=556"}],"curies":[{"name":"wp","href":"https:\/\/api.w.org\/{rel}","templated":true}]}}